{"id":1044,"date":"2026-01-26T21:03:58","date_gmt":"2026-01-26T20:03:58","guid":{"rendered":"https:\/\/feuerwehr-schwagstorf.de\/?p=1044"},"modified":"2026-01-26T21:09:32","modified_gmt":"2026-01-26T20:09:32","slug":"jahreshauptversammlung-2026","status":"publish","type":"post","link":"https:\/\/feuerwehr-schwagstorf.de\/?p=1044","title":{"rendered":"Jahreshauptversammlung 2026"},"content":{"rendered":"\t\t<div data-elementor-type=\"wp-post\" data-elementor-id=\"1044\" class=\"elementor elementor-1044\" data-elementor-post-type=\"post\">\n\t\t\t\t\t\t<section class=\"elementor-section elementor-top-section elementor-element elementor-element-a86c32c elementor-section-boxed elementor-section-height-default elementor-section-height-default\" data-id=\"a86c32c\" data-element_type=\"section\" data-e-type=\"section\">\n\t\t\t\t\t\t<div class=\"elementor-container elementor-column-gap-default\">\n\t\t\t\t\t<div class=\"elementor-column elementor-col-100 elementor-top-column elementor-element elementor-element-307333d\" data-id=\"307333d\" data-element_type=\"column\" data-e-type=\"column\">\n\t\t\t<div class=\"elementor-widget-wrap elementor-element-populated\">\n\t\t\t\t\t\t<div class=\"elementor-element elementor-element-ec2940c elementor-widget elementor-widget-text-editor\" data-id=\"ec2940c\" data-element_type=\"widget\" data-e-type=\"widget\" data-widget_type=\"text-editor.default\">\n\t\t\t\t<div class=\"elementor-widget-container\">\n\t\t\t\t\t\t\t\t\t<p>Martin Vallo bleibt weitere sechs Jahre stellvertretender Ortsbrandmeister der Feuerwehr Schwagstorf \u2013 das ist das wohl wichtigste Ergebnis der j\u00fcngsten Jahreshauptversammlung, \u00fcber die die Feuerwehr in einer Pressemitteilung informiert. Zudem wurde deutlich, dass die Kameradinnen und Kameraden deutlich mehr zu tun hatten als im Jahr zuvor. Bei der Bew\u00e4ltigung der kommenden Aufgaben soll ein neues Fahrzeug helfen. Und. Mit Albert Rattay verabschiedete sich ein altgedienter und engagierter Kamerad in den vorzeitigen Feuerwehr-Ruhestand.<\/p>\n<p>Rattay, seit 1991 Mitglied der Ortsfeuerwehr Schwagstorf und zwischen 2001 und 2007 deren Ortsbrandmeister, nutzte die Gelegenheit, ein Dreivierteljahr vor dem altersbedingten Ausscheiden aus dem aktiven Dienst im Rahmen der Jahreshauptversammlung in die Altersabteilung zu wechseln. \u201eHeute sagen wir danke\u201c, sagte Ortsbrandmeister Markus Molitor. \u201eDanke f\u00fcr deine Zeit, dein Engagement und dein offenes Ohr.\u201c Als in Pr\u00e4sentform gegossene Anerkennung erhielt Rattay eine Feuertonne mit dem Emblem der Feuerwehr Schwagstorf.<\/p>\n<p>Aber Ortsbrandmeister Molitor hatte auch Positives zu berichten: Die Indienststellung des neuen Feuerwehrfahrzeugs steht bevor, einem Hilfeleistungsl\u00f6schgruppenfahrzeug (HLF). Das soll das in die Jahre gekommene L\u00f6schfahrzeug (LF 8) ersetzen. Der ambitionierte Wunsch der Feuerwehr: die offizielle Pr\u00e4sentation zur Veranstaltung \u201eSchwagstorf ist offen\u201c am Sonntag, 6. September.<\/p>\n<p>Vom offenen Ausblick leitete Molitor \u00fcber zum R\u00fcckblick auf das vergangene Jahr. Und das war insbesondere von der Anzahl der Eins\u00e4tze her ein herausforderndes. Zw\u00f6lf Brandeins\u00e4tze und 20 Technische Hilfeleistungen bedeuteten einen Anstieg um insgesamt sechs Eins\u00e4tze und mit knapp 800 geleisteten Stunden mehr als doppelt so viele verglichen mit dem Vorjahr. Zeitintensive Wald- und Moorbr\u00e4nde forderten die Kameraden ebenso wie mehrere Verkehrsunf\u00e4lle, austretendes Gas und die obligatorischen Entenfamilien in Not. Als besonders positiv bewertete Molitor die rekordverd\u00e4chtigten Ausr\u00fcckzeiten der Schwagstorfer Wehr, die selbst bei Eins\u00e4tzen in Nachbarkommunen manchmal schneller vor Ort war als die Ortswehr mit Heimvorteil.<\/p>\n<p>Molitor und Gemeindebrandmeister Olaf Meyer hatten aber auch Grund zum Kopfsch\u00fctteln. Einerseits zeigten sie nach wie vor Unverst\u00e4ndnis \u00fcber die kostspielige und von (Landes-)Beh\u00f6rdenirrsinn gepr\u00e4gte Uniform-Novelle \u2013 f\u00fcr viel Geld sollen die Uniformen der Feuerwehr ausgetauscht werden. Andererseits \u00e4rgerten sie sich \u00fcber das Ende der Dekon-Einheit der Gemeinde Ostercappeln. Dieser auf Schadstofflagen spezialisierte Feuerwehr-Fachbereich stellt Mitte des Jahres seinen Dienst nach mehreren Jahrzehnten ein, da der Landkreis laut Molitor kein Zukunftskonzept erarbeitet hat und auf Kritik mit dem Absetzen des Zugf\u00fchrers reagierte. \u201eSo sieht Wertsch\u00e4tzung nicht aus\u201c, lauteten Molitors harte Worte, denen auch Gemeindeb\u00fcrgermeister Erik Ballmeyer, Ortsb\u00fcrgermeister Friedrich Steffen und Gemeindefachdienstleiter Ordnung Daniel Ziemann nickend Zustimmung signalisierten.<\/p>\n<p>Zustimmung erhielt gegen Ende des Abends auch der Vorschlag, Martin Vallo als Molitors Stellvertreter wiederzuw\u00e4hlen. Einstimmig fiel die Entscheidung der anwesenden Kameradinnen und Kameraden aus. Damit bleibt Vallo sechs weitere Jahre im Amt. Zudem ist Oliver Vallo neuer Kassenpr\u00fcfer, er ersetzt Michael Heitkamp. Jonas M\u00f6nter und Chris Mehring traten ihre Festausschuss-\u00c4mter an Nils Lemke und Christoph L\u00fccke ab. Zudem wurde mit den Social-Media-Beauftragten ein neuer Posten geschaffen, den von nun an Oliver Vallo und Chris Mehring besetzten. Und: Mehring erhielt aus den H\u00e4nden von Gemeindeb\u00fcrgermeister Ballmeyer eine Bef\u00f6rderungsurkunde und ist nun Hauptfeuerwehrmann. Damit endete die Jahreshauptversammlung der Ortsfeuerwehr Schwagstorf auf einer positiven Note. Denn mit Blick auf die anwesenden G\u00e4ste aus Politik und Verwaltung unterstrich Molitor l\u00e4chelnd abschlie\u00dfend das gute Zusammenspiel zwischen Feuerwehr und Gemeinde: \u201eWir f\u00fchlen uns hier sehr wertgesch\u00e4tzt und gebraucht!\u201c<\/p><p><br><\/p><p><i>&#8211; Fabian Pieper<\/i><\/p>\t\t\t\t\t\t\t\t<\/div>\n\t\t\t\t<\/div>\n\t\t\t\t\t<\/div>\n\t\t<\/div>\n\t\t\t\t\t<\/div>\n\t\t<\/section>\n\t\t\t\t<section class=\"elementor-section elementor-top-section elementor-element elementor-element-2d006d0 elementor-section-boxed elementor-section-height-default elementor-section-height-default\" data-id=\"2d006d0\" data-element_type=\"section\" data-e-type=\"section\">\n\t\t\t\t\t\t<div class=\"elementor-container elementor-column-gap-default\">\n\t\t\t\t\t<div class=\"elementor-column elementor-col-100 elementor-top-column elementor-element elementor-element-25ba328\" data-id=\"25ba328\" data-element_type=\"column\" data-e-type=\"column\">\n\t\t\t<div class=\"elementor-widget-wrap elementor-element-populated\">\n\t\t\t\t\t\t<div class=\"elementor-element elementor-element-a977c26 elementor-arrows-position-inside elementor-pagination-position-outside elementor-widget elementor-widget-image-carousel\" data-id=\"a977c26\" data-element_type=\"widget\" data-e-type=\"widget\" data-settings=\"{&quot;navigation&quot;:&quot;both&quot;,&quot;autoplay&quot;:&quot;yes&quot;,&quot;pause_on_hover&quot;:&quot;yes&quot;,&quot;pause_on_interaction&quot;:&quot;yes&quot;,&quot;autoplay_speed&quot;:5000,&quot;infinite&quot;:&quot;yes&quot;,&quot;speed&quot;:500}\" data-widget_type=\"image-carousel.default\">\n\t\t\t\t<div class=\"elementor-widget-container\">\n\t\t\t\t\t\t\t<div class=\"elementor-image-carousel-wrapper swiper\" role=\"region\" aria-roledescription=\"carousel\" aria-label=\"Bild Karussell\" dir=\"ltr\">\n\t\t\t<div class=\"elementor-image-carousel swiper-wrapper\" aria-live=\"off\">\n\t\t\t\t\t\t\t\t<div class=\"swiper-slide\" role=\"group\" aria-roledescription=\"slide\" aria-label=\"1 von 2\"><a data-elementor-open-lightbox=\"yes\" data-elementor-lightbox-slideshow=\"a977c26\" data-elementor-lightbox-title=\"WhatsApp Image 2026-01-26 at 14.29.14_2\" data-e-action-hash=\"#elementor-action%3Aaction%3Dlightbox%26settings%3DeyJpZCI6MTA0NSwidXJsIjoiaHR0cHM6XC9cL2ZldWVyd2Voci1zY2h3YWdzdG9yZi5kZVwvd3AtY29udGVudFwvdXBsb2Fkc1wvMjAyNlwvMDFcL1doYXRzQXBwLUltYWdlLTIwMjYtMDEtMjYtYXQtMTQuMjkuMTRfMi5qcGVnIiwic2xpZGVzaG93IjoiYTk3N2MyNiJ9\" href=\"https:\/\/feuerwehr-schwagstorf.de\/wp-content\/uploads\/2026\/01\/WhatsApp-Image-2026-01-26-at-14.29.14_2.jpeg\"><figure class=\"swiper-slide-inner\"><img decoding=\"async\" class=\"swiper-slide-image\" src=\"https:\/\/feuerwehr-schwagstorf.de\/wp-content\/uploads\/2026\/01\/WhatsApp-Image-2026-01-26-at-14.29.14_2-150x150.jpeg\" alt=\"WhatsApp Image 2026-01-26 at 14.29.14_2\" \/><\/figure><\/a><\/div><div class=\"swiper-slide\" role=\"group\" aria-roledescription=\"slide\" aria-label=\"2 von 2\"><a data-elementor-open-lightbox=\"yes\" data-elementor-lightbox-slideshow=\"a977c26\" data-elementor-lightbox-title=\"WhatsApp Image 2026-01-26 at 14.29.14\" data-e-action-hash=\"#elementor-action%3Aaction%3Dlightbox%26settings%3DeyJpZCI6MTA0NiwidXJsIjoiaHR0cHM6XC9cL2ZldWVyd2Voci1zY2h3YWdzdG9yZi5kZVwvd3AtY29udGVudFwvdXBsb2Fkc1wvMjAyNlwvMDFcL1doYXRzQXBwLUltYWdlLTIwMjYtMDEtMjYtYXQtMTQuMjkuMTQuanBlZyIsInNsaWRlc2hvdyI6ImE5NzdjMjYifQ%3D%3D\" href=\"https:\/\/feuerwehr-schwagstorf.de\/wp-content\/uploads\/2026\/01\/WhatsApp-Image-2026-01-26-at-14.29.14.jpeg\"><figure class=\"swiper-slide-inner\"><img decoding=\"async\" class=\"swiper-slide-image\" src=\"https:\/\/feuerwehr-schwagstorf.de\/wp-content\/uploads\/2026\/01\/WhatsApp-Image-2026-01-26-at-14.29.14-150x150.jpeg\" alt=\"WhatsApp Image 2026-01-26 at 14.29.14\" \/><\/figure><\/a><\/div>\t\t\t<\/div>\n\t\t\t\t\t\t\t\t\t\t\t\t<div class=\"elementor-swiper-button elementor-swiper-button-prev\" role=\"button\" tabindex=\"0\">\n\t\t\t\t\t\t<i aria-hidden=\"true\" class=\"eicon-chevron-left\"><\/i>\t\t\t\t\t<\/div>\n\t\t\t\t\t<div class=\"elementor-swiper-button elementor-swiper-button-next\" role=\"button\" tabindex=\"0\">\n\t\t\t\t\t\t<i aria-hidden=\"true\" class=\"eicon-chevron-right\"><\/i>\t\t\t\t\t<\/div>\n\t\t\t\t\n\t\t\t\t\t\t\t\t\t<div class=\"swiper-pagination\"><\/div>\n\t\t\t\t\t\t\t\t\t<\/div>\n\t\t\t\t\t\t<\/div>\n\t\t\t\t<\/div>\n\t\t\t\t\t<\/div>\n\t\t<\/div>\n\t\t\t\t\t<\/div>\n\t\t<\/section>\n\t\t\t\t<\/div>\n\t\t","protected":false},"excerpt":{"rendered":"<p>Martin Vallo bleibt weitere sechs Jahre stellvertretender Ortsbrandmeister der Feuerwehr Schwagstorf \u2013 das ist das wohl wichtigste Ergebnis der j\u00fcngsten Jahreshauptversammlung, \u00fcber die die Feuerwehr in einer Pressemitteilung informiert. Zudem wurde deutlich, dass die Kameradinnen und Kameraden deutlich mehr zu tun hatten als im Jahr zuvor. Bei der Bew\u00e4ltigung der kommenden Aufgaben soll ein neues [&hellip;]<\/p>\n","protected":false},"author":2,"featured_media":1046,"comment_status":"closed","ping_status":"open","sticky":false,"template":"","format":"standard","meta":{"ocean_post_layout":"","ocean_both_sidebars_style":"","ocean_both_sidebars_content_width":0,"ocean_both_sidebars_sidebars_width":0,"ocean_sidebar":"","ocean_second_sidebar":"","ocean_disable_margins":"enable","ocean_add_body_class":"","ocean_shortcode_before_top_bar":"","ocean_shortcode_after_top_bar":"","ocean_shortcode_before_header":"","ocean_shortcode_after_header":"","ocean_has_shortcode":"","ocean_shortcode_after_title":"","ocean_shortcode_before_footer_widgets":"","ocean_shortcode_after_footer_widgets":"","ocean_shortcode_before_footer_bottom":"","ocean_shortcode_after_footer_bottom":"","ocean_display_top_bar":"default","ocean_display_header":"default","ocean_header_style":"","ocean_center_header_left_menu":"","ocean_custom_header_template":"","ocean_custom_logo":0,"ocean_custom_retina_logo":0,"ocean_custom_logo_max_width":0,"ocean_custom_logo_tablet_max_width":0,"ocean_custom_logo_mobile_max_width":0,"ocean_custom_logo_max_height":0,"ocean_custom_logo_tablet_max_height":0,"ocean_custom_logo_mobile_max_height":0,"ocean_header_custom_menu":"","ocean_menu_typo_font_family":"","ocean_menu_typo_font_subset":"","ocean_menu_typo_font_size":0,"ocean_menu_typo_font_size_tablet":0,"ocean_menu_typo_font_size_mobile":0,"ocean_menu_typo_font_size_unit":"px","ocean_menu_typo_font_weight":"","ocean_menu_typo_font_weight_tablet":"","ocean_menu_typo_font_weight_mobile":"","ocean_menu_typo_transform":"","ocean_menu_typo_transform_tablet":"","ocean_menu_typo_transform_mobile":"","ocean_menu_typo_line_height":0,"ocean_menu_typo_line_height_tablet":0,"ocean_menu_typo_line_height_mobile":0,"ocean_menu_typo_line_height_unit":"","ocean_menu_typo_spacing":0,"ocean_menu_typo_spacing_tablet":0,"ocean_menu_typo_spacing_mobile":0,"ocean_menu_typo_spacing_unit":"","ocean_menu_link_color":"","ocean_menu_link_color_hover":"","ocean_menu_link_color_active":"","ocean_menu_link_background":"","ocean_menu_link_hover_background":"","ocean_menu_link_active_background":"","ocean_menu_social_links_bg":"","ocean_menu_social_hover_links_bg":"","ocean_menu_social_links_color":"","ocean_menu_social_hover_links_color":"","ocean_disable_title":"on","ocean_disable_heading":"default","ocean_post_title":"","ocean_post_subheading":"","ocean_post_title_style":"","ocean_post_title_background_color":"","ocean_post_title_background":0,"ocean_post_title_bg_image_position":"","ocean_post_title_bg_image_attachment":"","ocean_post_title_bg_image_repeat":"","ocean_post_title_bg_image_size":"","ocean_post_title_height":0,"ocean_post_title_bg_overlay":0.5,"ocean_post_title_bg_overlay_color":"","ocean_disable_breadcrumbs":"default","ocean_breadcrumbs_color":"","ocean_breadcrumbs_separator_color":"","ocean_breadcrumbs_links_color":"","ocean_breadcrumbs_links_hover_color":"","ocean_display_footer_widgets":"default","ocean_display_footer_bottom":"default","ocean_custom_footer_template":"","ocean_post_oembed":"","ocean_post_self_hosted_media":"","ocean_post_video_embed":"","ocean_link_format":"","ocean_link_format_target":"self","ocean_quote_format":"","ocean_quote_format_link":"post","ocean_gallery_link_images":"on","ocean_gallery_id":[],"footnotes":""},"categories":[21,6],"tags":[],"class_list":["post-1044","post","type-post","status-publish","format-standard","has-post-thumbnail","hentry","category-21","category-news","entry","has-media"],"_links":{"self":[{"href":"https:\/\/feuerwehr-schwagstorf.de\/index.php?rest_route=\/wp\/v2\/posts\/1044","targetHints":{"allow":["GET"]}}],"collection":[{"href":"https:\/\/feuerwehr-schwagstorf.de\/index.php?rest_route=\/wp\/v2\/posts"}],"about":[{"href":"https:\/\/feuerwehr-schwagstorf.de\/index.php?rest_route=\/wp\/v2\/types\/post"}],"author":[{"embeddable":true,"href":"https:\/\/feuerwehr-schwagstorf.de\/index.php?rest_route=\/wp\/v2\/users\/2"}],"replies":[{"embeddable":true,"href":"https:\/\/feuerwehr-schwagstorf.de\/index.php?rest_route=%2Fwp%2Fv2%2Fcomments&post=1044"}],"version-history":[{"count":14,"href":"https:\/\/feuerwehr-schwagstorf.de\/index.php?rest_route=\/wp\/v2\/posts\/1044\/revisions"}],"predecessor-version":[{"id":1061,"href":"https:\/\/feuerwehr-schwagstorf.de\/index.php?rest_route=\/wp\/v2\/posts\/1044\/revisions\/1061"}],"wp:featuredmedia":[{"embeddable":true,"href":"https:\/\/feuerwehr-schwagstorf.de\/index.php?rest_route=\/wp\/v2\/media\/1046"}],"wp:attachment":[{"href":"https:\/\/feuerwehr-schwagstorf.de\/index.php?rest_route=%2Fwp%2Fv2%2Fmedia&parent=1044"}],"wp:term":[{"taxonomy":"category","embeddable":true,"href":"https:\/\/feuerwehr-schwagstorf.de\/index.php?rest_route=%2Fwp%2Fv2%2Fcategories&post=1044"},{"taxonomy":"post_tag","embeddable":true,"href":"https:\/\/feuerwehr-schwagstorf.de\/index.php?rest_route=%2Fwp%2Fv2%2Ftags&post=1044"}],"curies":[{"name":"wp","href":"https:\/\/api.w.org\/{rel}","templated":true}]}}