{"id":490,"date":"2021-12-28T10:10:00","date_gmt":"2021-12-28T09:10:00","guid":{"rendered":"https:\/\/feuerwehr-schwagstorf.de\/?p=490"},"modified":"2021-12-30T12:50:23","modified_gmt":"2021-12-30T11:50:23","slug":"verkehrsunfall-am-lutterdamm","status":"publish","type":"post","link":"https:\/\/feuerwehr-schwagstorf.de\/?p=490","title":{"rendered":"Verkehrsunfall am Lutterdamm"},"content":{"rendered":"\t\t<div data-elementor-type=\"wp-post\" data-elementor-id=\"490\" class=\"elementor elementor-490\" data-elementor-post-type=\"post\">\n\t\t\t\t\t\t<section class=\"elementor-section elementor-top-section elementor-element elementor-element-f9a2b14 elementor-section-boxed elementor-section-height-default elementor-section-height-default\" data-id=\"f9a2b14\" data-element_type=\"section\" data-e-type=\"section\">\n\t\t\t\t\t\t<div class=\"elementor-container elementor-column-gap-default\">\n\t\t\t\t\t<div class=\"elementor-column elementor-col-100 elementor-top-column elementor-element elementor-element-2e972f4\" data-id=\"2e972f4\" data-element_type=\"column\" data-e-type=\"column\">\n\t\t\t<div class=\"elementor-widget-wrap elementor-element-populated\">\n\t\t\t\t\t\t<div class=\"elementor-element elementor-element-51ce4b0 elementor-widget elementor-widget-text-editor\" data-id=\"51ce4b0\" data-element_type=\"widget\" data-e-type=\"widget\" data-widget_type=\"text-editor.default\">\n\t\t\t\t<div class=\"elementor-widget-container\">\n\t\t\t\t\t\t\t\t\t<div class=\"kvgmc6g5 cxmmr5t8 oygrvhab hcukyx3x c1et5uql ii04i59q\"><div dir=\"auto\">Zu einem schweren Verkehrsunfall am Lutterdamm in Venne wurden wir heute Morgen gegen 7:20 Uhr zusammen mit der Feuerwehr Venne alarmiert.<\/div><\/div><div class=\"cxmmr5t8 oygrvhab hcukyx3x c1et5uql o9v6fnle ii04i59q\"><div dir=\"auto\">Ein mit einer Person besetzter PKW geriet ausgangs einer Kurve von der Fahrbahn, durchfuhr einen Entw\u00e4sserungsgraben und schleuderte anschlie\u00dfend gegen einen Baum.<\/div><\/div><div class=\"cxmmr5t8 oygrvhab hcukyx3x c1et5uql o9v6fnle ii04i59q\"><div dir=\"auto\">Die Person im Fahrzeug wurde unter ihrem Fahrzeug eingeklemmt und war zun\u00e4chst nicht ansprechbar.<\/div><\/div><div class=\"cxmmr5t8 oygrvhab hcukyx3x c1et5uql o9v6fnle ii04i59q\"><div dir=\"auto\">Die Venner Kameraden leuchteten die Einsatzstelle umgehend aus, damit der Rettungsdienst die Erstversorgung vornehmen konnte.<\/div><div dir=\"auto\">Zeitgleich wurden alle Rettungsmittel f\u00fcr die Befreiung der Person vorbereitet und das verunfallte Fahrzeug stabilisiert.<\/div><\/div><div class=\"cxmmr5t8 oygrvhab hcukyx3x c1et5uql o9v6fnle ii04i59q\"><div dir=\"auto\">Unsere Aufgabe bestand nun darin, das Fahrzeug gegen Umst\u00fcrzen zu sichern, w\u00e4hrend die Venner Kameraden einen Kettenzug vorbereiteten, um das Fahrzeug ein wenig anzukippen, damit die Person befreit werden konnte.<\/div><div dir=\"auto\">In Abstimmung mit dem Notarzt wurde das Fahrzeug dann leicht zur Stra\u00dfenseite gezogen, und unsere Abst\u00fctzung laufend angepasst.<\/div><\/div><div class=\"cxmmr5t8 oygrvhab hcukyx3x c1et5uql o9v6fnle ii04i59q\"><div dir=\"auto\">Relativ z\u00fcgig konnte dann die Person aus ihrer misslichen Lage befreit und in den Rettungswagen verbracht werden.<\/div><\/div><div class=\"cxmmr5t8 oygrvhab hcukyx3x c1et5uql o9v6fnle ii04i59q\"><div dir=\"auto\">Wir begannen nun damit, unser Material wieder auf die Fahrzeuge zu verlasten, und sperrten noch kurz die Stra\u00dfe, die der Rettungshubschrauber als Landeplatz auserkoren hatte.<\/div><\/div><div class=\"cxmmr5t8 oygrvhab hcukyx3x c1et5uql o9v6fnle ii04i59q\"><div dir=\"auto\">Nach der Landung konnten wir abr\u00fccken. Die Venner Kameraden unterst\u00fctzten weiterhin den Rettungsdienst und die Polizei, w\u00e4hrend f\u00fcr uns der Einsatz gegen 9 Uhr beendet war.<\/div><\/div>\t\t\t\t\t\t\t\t<\/div>\n\t\t\t\t<\/div>\n\t\t\t\t\t<\/div>\n\t\t<\/div>\n\t\t\t\t\t<\/div>\n\t\t<\/section>\n\t\t\t\t<\/div>\n\t\t","protected":false},"excerpt":{"rendered":"<p>Zu einem schweren Verkehrsunfall am Lutterdamm in Venne wurden wir heute Morgen gegen 7:20 Uhr zusammen mit der Feuerwehr Venne alarmiert.Ein mit einer Person besetzter PKW geriet ausgangs einer Kurve von der Fahrbahn, durchfuhr einen Entw\u00e4sserungsgraben und schleuderte anschlie\u00dfend gegen einen Baum.Die Person im Fahrzeug wurde unter ihrem Fahrzeug eingeklemmt und war zun\u00e4chst nicht ansprechbar.Die [&hellip;]<\/p>\n","protected":false},"author":2,"featured_media":491,"comment_status":"closed","ping_status":"open","sticky":false,"template":"","format":"standard","meta":{"ocean_post_layout":"","ocean_both_sidebars_style":"","ocean_both_sidebars_content_width":0,"ocean_both_sidebars_sidebars_width":0,"ocean_sidebar":"0","ocean_second_sidebar":"0","ocean_disable_margins":"enable","ocean_add_body_class":"","ocean_shortcode_before_top_bar":"","ocean_shortcode_after_top_bar":"","ocean_shortcode_before_header":"","ocean_shortcode_after_header":"","ocean_has_shortcode":"","ocean_shortcode_after_title":"","ocean_shortcode_before_footer_widgets":"","ocean_shortcode_after_footer_widgets":"","ocean_shortcode_before_footer_bottom":"","ocean_shortcode_after_footer_bottom":"","ocean_display_top_bar":"default","ocean_display_header":"default","ocean_header_style":"","ocean_center_header_left_menu":"0","ocean_custom_header_template":"0","ocean_custom_logo":0,"ocean_custom_retina_logo":0,"ocean_custom_logo_max_width":0,"ocean_custom_logo_tablet_max_width":0,"ocean_custom_logo_mobile_max_width":0,"ocean_custom_logo_max_height":0,"ocean_custom_logo_tablet_max_height":0,"ocean_custom_logo_mobile_max_height":0,"ocean_header_custom_menu":"0","ocean_menu_typo_font_family":"0","ocean_menu_typo_font_subset":"","ocean_menu_typo_font_size":0,"ocean_menu_typo_font_size_tablet":0,"ocean_menu_typo_font_size_mobile":0,"ocean_menu_typo_font_size_unit":"px","ocean_menu_typo_font_weight":"","ocean_menu_typo_font_weight_tablet":"","ocean_menu_typo_font_weight_mobile":"","ocean_menu_typo_transform":"","ocean_menu_typo_transform_tablet":"","ocean_menu_typo_transform_mobile":"","ocean_menu_typo_line_height":0,"ocean_menu_typo_line_height_tablet":0,"ocean_menu_typo_line_height_mobile":0,"ocean_menu_typo_line_height_unit":"","ocean_menu_typo_spacing":0,"ocean_menu_typo_spacing_tablet":0,"ocean_menu_typo_spacing_mobile":0,"ocean_menu_typo_spacing_unit":"","ocean_menu_link_color":"","ocean_menu_link_color_hover":"","ocean_menu_link_color_active":"","ocean_menu_link_background":"","ocean_menu_link_hover_background":"","ocean_menu_link_active_background":"","ocean_menu_social_links_bg":"","ocean_menu_social_hover_links_bg":"","ocean_menu_social_links_color":"","ocean_menu_social_hover_links_color":"","ocean_disable_title":"on","ocean_disable_heading":"default","ocean_post_title":"","ocean_post_subheading":"","ocean_post_title_style":"","ocean_post_title_background_color":"","ocean_post_title_background":0,"ocean_post_title_bg_image_position":"","ocean_post_title_bg_image_attachment":"","ocean_post_title_bg_image_repeat":"","ocean_post_title_bg_image_size":"","ocean_post_title_height":0,"ocean_post_title_bg_overlay":0.5,"ocean_post_title_bg_overlay_color":"","ocean_disable_breadcrumbs":"default","ocean_breadcrumbs_color":"","ocean_breadcrumbs_separator_color":"","ocean_breadcrumbs_links_color":"","ocean_breadcrumbs_links_hover_color":"","ocean_display_footer_widgets":"default","ocean_display_footer_bottom":"default","ocean_custom_footer_template":"0","ocean_post_oembed":"","ocean_post_self_hosted_media":"","ocean_post_video_embed":"","ocean_link_format":"","ocean_link_format_target":"self","ocean_quote_format":"","ocean_quote_format_link":"post","ocean_gallery_link_images":"off","ocean_gallery_id":[],"footnotes":""},"categories":[7,5],"tags":[],"class_list":["post-490","post","type-post","status-publish","format-standard","has-post-thumbnail","hentry","category-7","category-einsaetze","entry","has-media"],"_links":{"self":[{"href":"https:\/\/feuerwehr-schwagstorf.de\/index.php?rest_route=\/wp\/v2\/posts\/490","targetHints":{"allow":["GET"]}}],"collection":[{"href":"https:\/\/feuerwehr-schwagstorf.de\/index.php?rest_route=\/wp\/v2\/posts"}],"about":[{"href":"https:\/\/feuerwehr-schwagstorf.de\/index.php?rest_route=\/wp\/v2\/types\/post"}],"author":[{"embeddable":true,"href":"https:\/\/feuerwehr-schwagstorf.de\/index.php?rest_route=\/wp\/v2\/users\/2"}],"replies":[{"embeddable":true,"href":"https:\/\/feuerwehr-schwagstorf.de\/index.php?rest_route=%2Fwp%2Fv2%2Fcomments&post=490"}],"version-history":[{"count":4,"href":"https:\/\/feuerwehr-schwagstorf.de\/index.php?rest_route=\/wp\/v2\/posts\/490\/revisions"}],"predecessor-version":[{"id":495,"href":"https:\/\/feuerwehr-schwagstorf.de\/index.php?rest_route=\/wp\/v2\/posts\/490\/revisions\/495"}],"wp:featuredmedia":[{"embeddable":true,"href":"https:\/\/feuerwehr-schwagstorf.de\/index.php?rest_route=\/wp\/v2\/media\/491"}],"wp:attachment":[{"href":"https:\/\/feuerwehr-schwagstorf.de\/index.php?rest_route=%2Fwp%2Fv2%2Fmedia&parent=490"}],"wp:term":[{"taxonomy":"category","embeddable":true,"href":"https:\/\/feuerwehr-schwagstorf.de\/index.php?rest_route=%2Fwp%2Fv2%2Fcategories&post=490"},{"taxonomy":"post_tag","embeddable":true,"href":"https:\/\/feuerwehr-schwagstorf.de\/index.php?rest_route=%2Fwp%2Fv2%2Ftags&post=490"}],"curies":[{"name":"wp","href":"https:\/\/api.w.org\/{rel}","templated":true}]}}